{"id":1264,"date":"2022-12-12T12:00:00","date_gmt":"2022-12-12T11:00:00","guid":{"rendered":"http:\/\/www.m2-infocom.iut-tlse3.fr\/?p=1264"},"modified":"2023-03-08T16:37:43","modified_gmt":"2023-03-08T15:37:43","slug":"la-promo-a-participe-au-salon-regal-2022","status":"publish","type":"post","link":"http:\/\/www.m2-infocom.iut-tlse3.fr\/?p=1264","title":{"rendered":"La promo a particip\u00e9 au Salon R\u00c9GAL 2022"},"content":{"rendered":"\t\t<div data-elementor-type=\"wp-post\" data-elementor-id=\"1264\" class=\"elementor elementor-1264\" data-elementor-settings=\"[]\">\n\t\t\t\t\t\t<div class=\"elementor-inner\">\n\t\t\t\t\t\t\t<div class=\"elementor-section-wrap\">\n\t\t\t\t\t\t\t<section class=\"elementor-section elementor-top-section elementor-element elementor-element-96dc1e7 elementor-section-boxed elementor-section-height-default elementor-section-height-default\" data-id=\"96dc1e7\" data-element_type=\"section\">\n\t\t\t\t\t\t<div class=\"elementor-container elementor-column-gap-default\">\n\t\t\t\t\t\t\t<div class=\"elementor-row\">\n\t\t\t\t\t<div class=\"elementor-column elementor-col-100 elementor-top-column elementor-element elementor-element-7800387\" data-id=\"7800387\" data-element_type=\"column\">\n\t\t\t<div class=\"elementor-column-wrap elementor-element-populated\">\n\t\t\t\t\t\t\t<div class=\"elementor-widget-wrap\">\n\t\t\t\t\t\t<div class=\"elementor-element elementor-element-e36c197 elementor-widget elementor-widget-heading\" data-id=\"e36c197\" data-element_type=\"widget\" data-widget_type=\"heading.default\">\n\t\t\t\t<div class=\"elementor-widget-container\">\n\t\t\t<h2 class=\"elementor-heading-title elementor-size-default\"><h3 data-elementor-setting-key=\"title\" data-pen-placeholder=\"\u00c9crivez ici...\" style=\"font-family: var( --e-global-typography-primary-font-family ), Sans-serif; font-style: normal; font-weight: var( --e-global-typography-primary-font-weight );\">Retour sur notre participation au Salon REGAL qui s'est tenu \u00e0 Toulouse du 8 au 11 d\u00e9cembre 2022. La promo y a contribu\u00e9 notamment en y g\u00e9rant les r\u00e9seaux sociaux.<\/h3><\/h2>\t\t<\/div>\n\t\t\t\t<\/div>\n\t\t\t\t<div class=\"elementor-element elementor-element-f14eec1 elementor-widget elementor-widget-image\" data-id=\"f14eec1\" data-element_type=\"widget\" data-widget_type=\"image.default\">\n\t\t\t\t<div class=\"elementor-widget-container\">\n\t\t\t\t\t\t\t\t<div class=\"elementor-image\">\n\t\t\t\t\t\t\t\t\t\t\t\t<img width=\"640\" height=\"800\" src=\"http:\/\/www.m2-infocom.iut-tlse3.fr\/wp-content\/uploads\/2022\/12\/REGAL-1-819x1024.jpeg\" class=\"attachment-large size-large\" alt=\"\" loading=\"lazy\" srcset=\"http:\/\/www.m2-infocom.iut-tlse3.fr\/wp-content\/uploads\/2022\/12\/REGAL-1-819x1024.jpeg 819w, http:\/\/www.m2-infocom.iut-tlse3.fr\/wp-content\/uploads\/2022\/12\/REGAL-1-240x300.jpeg 240w, http:\/\/www.m2-infocom.iut-tlse3.fr\/wp-content\/uploads\/2022\/12\/REGAL-1-768x961.jpeg 768w, http:\/\/www.m2-infocom.iut-tlse3.fr\/wp-content\/uploads\/2022\/12\/REGAL-1.jpeg 1144w\" sizes=\"(max-width: 640px) 100vw, 640px\" \/>\t\t\t\t\t\t\t\t\t\t\t\t\t\t<\/div>\n\t\t\t\t\t\t<\/div>\n\t\t\t\t<\/div>\n\t\t\t\t<div class=\"elementor-element elementor-element-fecc4aa elementor-widget elementor-widget-text-editor\" data-id=\"fecc4aa\" data-element_type=\"widget\" data-widget_type=\"text-editor.default\">\n\t\t\t\t<div class=\"elementor-widget-container\">\n\t\t\t\t\t\t\t\t<div class=\"elementor-text-editor elementor-clearfix\">\n\t\t\t\t<p><span style=\"color: #000000;\">Pendant 2 jours, nous avons assur\u00e9, avec des camarades du M2 Communication &amp; Territoires de l&rsquo;Universit\u00e9 Paul Sabatier Toulouse III l<strong>a gestion d\u2019une partie des r\u00e9seaux sociaux<\/strong> de la marque Sud de France, organisatrice du <strong><a href=\"https:\/\/regal.laregion.fr\/\" target=\"_blank\" rel=\"noopener\">Salon Regal<\/a><\/strong> \u00e0 Toulouse, en partenariat avec La R\u00e9gion Occitanie Pyr\u00e9n\u00e9es-M\u00e9diterran\u00e9e.<\/span><\/p><p><span style=\"color: #000000;\">Sur <strong>Twitter<\/strong> et <strong>Instagram<\/strong>, nous nous sommes activ\u00e9s pour faire vivre ce salon sur les r\u00e9seaux. <strong>Mission relev\u00e9e avec plaisir et professionnalisme !<\/strong><\/span><\/p><p><span style=\"color: #000000;\">Une <strong>belle exp\u00e9rience<\/strong>, avec de <strong>belles rencontres<\/strong>, pour un salon qui met en avant les tr\u00e8s nombreux produits et talents d\u2019Occitanie (mais pas que!).<\/span><\/p><p><span style=\"color: #000000;\">Ces deux jours nous ont aussi permis de nous assurer que ces produits \u00e9taient bien les meilleurs !<\/span><\/p><p><strong><span style=\"color: #000000;\">Merci encore \u00e0 Sud de France par l\u2019interm\u00e9diaire de Ludovic Amar et Fran\u00e7ois Carbonnel pour leur confiance et leurs conseils.<\/span><\/strong><\/p>\t\t\t\t\t<\/div>\n\t\t\t\t\t\t<\/div>\n\t\t\t\t<\/div>\n\t\t\t\t\t\t<\/div>\n\t\t\t\t\t<\/div>\n\t\t<\/div>\n\t\t\t\t\t\t\t\t<\/div>\n\t\t\t\t\t<\/div>\n\t\t<\/section>\n\t\t\t\t\t\t<\/div>\n\t\t\t\t\t\t<\/div>\n\t\t\t\t\t<\/div>\n\t\t","protected":false},"excerpt":{"rendered":"<p>Retour sur notre participation au Salon REGAL qui s&rsquo;est tenu \u00e0 Toulouse du 8 au 11 d\u00e9cembre 2022. La promo y a contribu\u00e9&#8230;<\/p>\n","protected":false},"author":1,"featured_media":1270,"comment_status":"open","ping_status":"open","sticky":false,"template":"","format":"standard","meta":[],"categories":[5],"tags":[],"yoast_head":"<!-- This site is optimized with the Yoast SEO plugin v18.0 - https:\/\/yoast.com\/wordpress\/plugins\/seo\/ -->\n<title>La promo a particip\u00e9 au Salon R\u00c9GAL 2022 - Master 2 Communication et Territoires<\/title>\n<meta name=\"robots\" content=\"index, follow, max-snippet:-1, max-image-preview:large, max-video-preview:-1\" \/>\n<link rel=\"canonical\" href=\"http:\/\/www.m2-infocom.iut-tlse3.fr\/?p=1264\" \/>\n<meta property=\"og:locale\" content=\"fr_FR\" \/>\n<meta property=\"og:type\" content=\"article\" \/>\n<meta property=\"og:title\" content=\"La promo a particip\u00e9 au Salon R\u00c9GAL 2022 - Master 2 Communication et Territoires\" \/>\n<meta property=\"og:description\" content=\"Retour sur notre participation au Salon REGAL qui s&rsquo;est tenu \u00e0 Toulouse du 8 au 11 d\u00e9cembre 2022. La promo y a contribu\u00e9...\" \/>\n<meta property=\"og:url\" content=\"http:\/\/www.m2-infocom.iut-tlse3.fr\/?p=1264\" \/>\n<meta property=\"og:site_name\" content=\"Master 2 Communication et Territoires\" \/>\n<meta property=\"article:published_time\" content=\"2022-12-12T11:00:00+00:00\" \/>\n<meta property=\"article:modified_time\" content=\"2023-03-08T15:37:43+00:00\" \/>\n<meta property=\"og:image\" content=\"http:\/\/www.m2-infocom.iut-tlse3.fr\/wp-content\/uploads\/2022\/12\/REGAL-1.jpeg\" \/>\n\t<meta property=\"og:image:width\" content=\"1144\" \/>\n\t<meta property=\"og:image:height\" content=\"1431\" \/>\n\t<meta property=\"og:image:type\" content=\"image\/jpeg\" \/>\n<meta name=\"twitter:card\" content=\"summary_large_image\" \/>\n<meta name=\"twitter:label1\" content=\"\u00c9crit par\" \/>\n\t<meta name=\"twitter:data1\" content=\"admin\" \/>\n\t<meta name=\"twitter:label2\" content=\"Dur\u00e9e de lecture estim\u00e9e\" \/>\n\t<meta name=\"twitter:data2\" content=\"2 minutes\" \/>\n<script type=\"application\/ld+json\" class=\"yoast-schema-graph\">{\"@context\":\"https:\/\/schema.org\",\"@graph\":[{\"@type\":\"WebSite\",\"@id\":\"http:\/\/www.m2-infocom.iut-tlse3.fr\/#website\",\"url\":\"http:\/\/www.m2-infocom.iut-tlse3.fr\/\",\"name\":\"Master 2 Communication et Territoires\",\"description\":\"\",\"potentialAction\":[{\"@type\":\"SearchAction\",\"target\":{\"@type\":\"EntryPoint\",\"urlTemplate\":\"http:\/\/www.m2-infocom.iut-tlse3.fr\/?s={search_term_string}\"},\"query-input\":\"required name=search_term_string\"}],\"inLanguage\":\"fr-FR\"},{\"@type\":\"ImageObject\",\"@id\":\"http:\/\/www.m2-infocom.iut-tlse3.fr\/?p=1264#primaryimage\",\"inLanguage\":\"fr-FR\",\"url\":\"http:\/\/www.m2-infocom.iut-tlse3.fr\/wp-content\/uploads\/2022\/12\/REGAL-1.jpeg\",\"contentUrl\":\"http:\/\/www.m2-infocom.iut-tlse3.fr\/wp-content\/uploads\/2022\/12\/REGAL-1.jpeg\",\"width\":1144,\"height\":1431},{\"@type\":\"WebPage\",\"@id\":\"http:\/\/www.m2-infocom.iut-tlse3.fr\/?p=1264#webpage\",\"url\":\"http:\/\/www.m2-infocom.iut-tlse3.fr\/?p=1264\",\"name\":\"La promo a particip\u00e9 au Salon R\u00c9GAL 2022 - Master 2 Communication et Territoires\",\"isPartOf\":{\"@id\":\"http:\/\/www.m2-infocom.iut-tlse3.fr\/#website\"},\"primaryImageOfPage\":{\"@id\":\"http:\/\/www.m2-infocom.iut-tlse3.fr\/?p=1264#primaryimage\"},\"datePublished\":\"2022-12-12T11:00:00+00:00\",\"dateModified\":\"2023-03-08T15:37:43+00:00\",\"author\":{\"@id\":\"http:\/\/www.m2-infocom.iut-tlse3.fr\/#\/schema\/person\/ed5483edcb0a61a13654ee2a48778f52\"},\"breadcrumb\":{\"@id\":\"http:\/\/www.m2-infocom.iut-tlse3.fr\/?p=1264#breadcrumb\"},\"inLanguage\":\"fr-FR\",\"potentialAction\":[{\"@type\":\"ReadAction\",\"target\":[\"http:\/\/www.m2-infocom.iut-tlse3.fr\/?p=1264\"]}]},{\"@type\":\"BreadcrumbList\",\"@id\":\"http:\/\/www.m2-infocom.iut-tlse3.fr\/?p=1264#breadcrumb\",\"itemListElement\":[{\"@type\":\"ListItem\",\"position\":1,\"name\":\"La promo a particip\u00e9 au Salon R\u00c9GAL 2022\"}]},{\"@type\":\"Person\",\"@id\":\"http:\/\/www.m2-infocom.iut-tlse3.fr\/#\/schema\/person\/ed5483edcb0a61a13654ee2a48778f52\",\"name\":\"admin\",\"image\":{\"@type\":\"ImageObject\",\"@id\":\"http:\/\/www.m2-infocom.iut-tlse3.fr\/#personlogo\",\"inLanguage\":\"fr-FR\",\"url\":\"http:\/\/0.gravatar.com\/avatar\/f7af17dec9141a0e6d751a4e7212d0ca?s=96&d=mm&r=g\",\"contentUrl\":\"http:\/\/0.gravatar.com\/avatar\/f7af17dec9141a0e6d751a4e7212d0ca?s=96&d=mm&r=g\",\"caption\":\"admin\"},\"url\":\"http:\/\/www.m2-infocom.iut-tlse3.fr\/?author=1\"}]}<\/script>\n<!-- \/ Yoast SEO plugin. -->","yoast_head_json":{"title":"La promo a particip\u00e9 au Salon R\u00c9GAL 2022 - Master 2 Communication et Territoires","robots":{"index":"index","follow":"follow","max-snippet":"max-snippet:-1","max-image-preview":"max-image-preview:large","max-video-preview":"max-video-preview:-1"},"canonical":"http:\/\/www.m2-infocom.iut-tlse3.fr\/?p=1264","og_locale":"fr_FR","og_type":"article","og_title":"La promo a particip\u00e9 au Salon R\u00c9GAL 2022 - Master 2 Communication et Territoires","og_description":"Retour sur notre participation au Salon REGAL qui s&rsquo;est tenu \u00e0 Toulouse du 8 au 11 d\u00e9cembre 2022. La promo y a contribu\u00e9...","og_url":"http:\/\/www.m2-infocom.iut-tlse3.fr\/?p=1264","og_site_name":"Master 2 Communication et Territoires","article_published_time":"2022-12-12T11:00:00+00:00","article_modified_time":"2023-03-08T15:37:43+00:00","og_image":[{"width":1144,"height":1431,"url":"http:\/\/www.m2-infocom.iut-tlse3.fr\/wp-content\/uploads\/2022\/12\/REGAL-1.jpeg","type":"image\/jpeg"}],"twitter_card":"summary_large_image","twitter_misc":{"\u00c9crit par":"admin","Dur\u00e9e de lecture estim\u00e9e":"2 minutes"},"schema":{"@context":"https:\/\/schema.org","@graph":[{"@type":"WebSite","@id":"http:\/\/www.m2-infocom.iut-tlse3.fr\/#website","url":"http:\/\/www.m2-infocom.iut-tlse3.fr\/","name":"Master 2 Communication et Territoires","description":"","potentialAction":[{"@type":"SearchAction","target":{"@type":"EntryPoint","urlTemplate":"http:\/\/www.m2-infocom.iut-tlse3.fr\/?s={search_term_string}"},"query-input":"required name=search_term_string"}],"inLanguage":"fr-FR"},{"@type":"ImageObject","@id":"http:\/\/www.m2-infocom.iut-tlse3.fr\/?p=1264#primaryimage","inLanguage":"fr-FR","url":"http:\/\/www.m2-infocom.iut-tlse3.fr\/wp-content\/uploads\/2022\/12\/REGAL-1.jpeg","contentUrl":"http:\/\/www.m2-infocom.iut-tlse3.fr\/wp-content\/uploads\/2022\/12\/REGAL-1.jpeg","width":1144,"height":1431},{"@type":"WebPage","@id":"http:\/\/www.m2-infocom.iut-tlse3.fr\/?p=1264#webpage","url":"http:\/\/www.m2-infocom.iut-tlse3.fr\/?p=1264","name":"La promo a particip\u00e9 au Salon R\u00c9GAL 2022 - Master 2 Communication et Territoires","isPartOf":{"@id":"http:\/\/www.m2-infocom.iut-tlse3.fr\/#website"},"primaryImageOfPage":{"@id":"http:\/\/www.m2-infocom.iut-tlse3.fr\/?p=1264#primaryimage"},"datePublished":"2022-12-12T11:00:00+00:00","dateModified":"2023-03-08T15:37:43+00:00","author":{"@id":"http:\/\/www.m2-infocom.iut-tlse3.fr\/#\/schema\/person\/ed5483edcb0a61a13654ee2a48778f52"},"breadcrumb":{"@id":"http:\/\/www.m2-infocom.iut-tlse3.fr\/?p=1264#breadcrumb"},"inLanguage":"fr-FR","potentialAction":[{"@type":"ReadAction","target":["http:\/\/www.m2-infocom.iut-tlse3.fr\/?p=1264"]}]},{"@type":"BreadcrumbList","@id":"http:\/\/www.m2-infocom.iut-tlse3.fr\/?p=1264#breadcrumb","itemListElement":[{"@type":"ListItem","position":1,"name":"La promo a particip\u00e9 au Salon R\u00c9GAL 2022"}]},{"@type":"Person","@id":"http:\/\/www.m2-infocom.iut-tlse3.fr\/#\/schema\/person\/ed5483edcb0a61a13654ee2a48778f52","name":"admin","image":{"@type":"ImageObject","@id":"http:\/\/www.m2-infocom.iut-tlse3.fr\/#personlogo","inLanguage":"fr-FR","url":"http:\/\/0.gravatar.com\/avatar\/f7af17dec9141a0e6d751a4e7212d0ca?s=96&d=mm&r=g","contentUrl":"http:\/\/0.gravatar.com\/avatar\/f7af17dec9141a0e6d751a4e7212d0ca?s=96&d=mm&r=g","caption":"admin"},"url":"http:\/\/www.m2-infocom.iut-tlse3.fr\/?author=1"}]}},"_links":{"self":[{"href":"http:\/\/www.m2-infocom.iut-tlse3.fr\/index.php?rest_route=\/wp\/v2\/posts\/1264"}],"collection":[{"href":"http:\/\/www.m2-infocom.iut-tlse3.fr\/index.php?rest_route=\/wp\/v2\/posts"}],"about":[{"href":"http:\/\/www.m2-infocom.iut-tlse3.fr\/index.php?rest_route=\/wp\/v2\/types\/post"}],"author":[{"embeddable":true,"href":"http:\/\/www.m2-infocom.iut-tlse3.fr\/index.php?rest_route=\/wp\/v2\/users\/1"}],"replies":[{"embeddable":true,"href":"http:\/\/www.m2-infocom.iut-tlse3.fr\/index.php?rest_route=%2Fwp%2Fv2%2Fcomments&post=1264"}],"version-history":[{"count":14,"href":"http:\/\/www.m2-infocom.iut-tlse3.fr\/index.php?rest_route=\/wp\/v2\/posts\/1264\/revisions"}],"predecessor-version":[{"id":1279,"href":"http:\/\/www.m2-infocom.iut-tlse3.fr\/index.php?rest_route=\/wp\/v2\/posts\/1264\/revisions\/1279"}],"wp:featuredmedia":[{"embeddable":true,"href":"http:\/\/www.m2-infocom.iut-tlse3.fr\/index.php?rest_route=\/wp\/v2\/media\/1270"}],"wp:attachment":[{"href":"http:\/\/www.m2-infocom.iut-tlse3.fr\/index.php?rest_route=%2Fwp%2Fv2%2Fmedia&parent=1264"}],"wp:term":[{"taxonomy":"category","embeddable":true,"href":"http:\/\/www.m2-infocom.iut-tlse3.fr\/index.php?rest_route=%2Fwp%2Fv2%2Fcategories&post=1264"},{"taxonomy":"post_tag","embeddable":true,"href":"http:\/\/www.m2-infocom.iut-tlse3.fr\/index.php?rest_route=%2Fwp%2Fv2%2Ftags&post=1264"}],"curies":[{"name":"wp","href":"https:\/\/api.w.org\/{rel}","templated":true}]}}