{"id":1302,"date":"2023-03-08T16:32:40","date_gmt":"2023-03-08T15:32:40","guid":{"rendered":"http:\/\/www.m2-infocom.iut-tlse3.fr\/?p=1302"},"modified":"2023-03-08T16:38:27","modified_gmt":"2023-03-08T15:38:27","slug":"le-master-dans-le-top-30-des-masters-en-com","status":"publish","type":"post","link":"http:\/\/www.m2-infocom.iut-tlse3.fr\/?p=1302","title":{"rendered":"Le Master dans le Top 30 des Masters en Com"},"content":{"rendered":"\t\t<div data-elementor-type=\"wp-post\" data-elementor-id=\"1302\" class=\"elementor elementor-1302\" data-elementor-settings=\"[]\">\n\t\t\t\t\t\t<div class=\"elementor-inner\">\n\t\t\t\t\t\t\t<div class=\"elementor-section-wrap\">\n\t\t\t\t\t\t\t<section class=\"elementor-section elementor-top-section elementor-element elementor-element-3c6e102 elementor-section-boxed elementor-section-height-default elementor-section-height-default\" data-id=\"3c6e102\" data-element_type=\"section\">\n\t\t\t\t\t\t<div class=\"elementor-container elementor-column-gap-default\">\n\t\t\t\t\t\t\t<div class=\"elementor-row\">\n\t\t\t\t\t<div class=\"elementor-column elementor-col-100 elementor-top-column elementor-element elementor-element-5a4d6d9\" data-id=\"5a4d6d9\" data-element_type=\"column\">\n\t\t\t<div class=\"elementor-column-wrap elementor-element-populated\">\n\t\t\t\t\t\t\t<div class=\"elementor-widget-wrap\">\n\t\t\t\t\t\t<div class=\"elementor-element elementor-element-64081af elementor-widget elementor-widget-heading\" data-id=\"64081af\" data-element_type=\"widget\" data-widget_type=\"heading.default\">\n\t\t\t\t<div class=\"elementor-widget-container\">\n\t\t\t<h2 class=\"elementor-heading-title elementor-size-default\">Le Master 2 Communication et Territoires progresse dans le classement national des Masters en Communication !<\/h2>\t\t<\/div>\n\t\t\t\t<\/div>\n\t\t\t\t<div class=\"elementor-element elementor-element-f6db0f2 elementor-arrows-position-inside elementor-pagination-position-outside elementor-widget elementor-widget-image-carousel\" data-id=\"f6db0f2\" data-element_type=\"widget\" data-settings=\"{&quot;slides_to_show&quot;:&quot;1&quot;,&quot;navigation&quot;:&quot;both&quot;,&quot;autoplay&quot;:&quot;yes&quot;,&quot;pause_on_hover&quot;:&quot;yes&quot;,&quot;pause_on_interaction&quot;:&quot;yes&quot;,&quot;autoplay_speed&quot;:5000,&quot;infinite&quot;:&quot;yes&quot;,&quot;effect&quot;:&quot;slide&quot;,&quot;speed&quot;:500}\" data-widget_type=\"image-carousel.default\">\n\t\t\t\t<div class=\"elementor-widget-container\">\n\t\t\t\t\t<div class=\"elementor-image-carousel-wrapper swiper-container\" dir=\"ltr\">\n\t\t\t<div class=\"elementor-image-carousel swiper-wrapper\">\n\t\t\t\t\t\t\t\t<div class=\"swiper-slide\"><figure class=\"swiper-slide-inner\"><img class=\"swiper-slide-image\" src=\"http:\/\/www.m2-infocom.iut-tlse3.fr\/wp-content\/uploads\/2023\/03\/Capture-de\u0301cran-2023-03-08-a\u0300-16.32.15-1024x706.png\" alt=\"6\u00e8me Master en Com en Occitanie\" \/><\/figure><\/div><div class=\"swiper-slide\"><figure class=\"swiper-slide-inner\"><img class=\"swiper-slide-image\" src=\"http:\/\/www.m2-infocom.iut-tlse3.fr\/wp-content\/uploads\/2023\/03\/Capture-de\u0301cran-2023-03-08-a\u0300-16.33.26-1024x754.png\" alt=\"21\u00e8me au niveau national\" \/><\/figure><\/div>\t\t\t<\/div>\n\t\t\t\t\t\t\t\t\t\t\t\t<div class=\"swiper-pagination\"><\/div>\n\t\t\t\t\t\t\t\t\t\t\t\t\t<div class=\"elementor-swiper-button elementor-swiper-button-prev\">\n\t\t\t\t\t\t<i aria-hidden=\"true\" class=\"eicon-chevron-left\"><\/i>\t\t\t\t\t\t<span class=\"elementor-screen-only\">Pr\u00e9c\u00e9dent<\/span>\n\t\t\t\t\t<\/div>\n\t\t\t\t\t<div class=\"elementor-swiper-button elementor-swiper-button-next\">\n\t\t\t\t\t\t<i aria-hidden=\"true\" class=\"eicon-chevron-right\"><\/i>\t\t\t\t\t\t<span class=\"elementor-screen-only\">Suivant<\/span>\n\t\t\t\t\t<\/div>\n\t\t\t\t\t\t\t\t\t<\/div>\n\t\t\t\t<\/div>\n\t\t\t\t<\/div>\n\t\t\t\t<div class=\"elementor-element elementor-element-844e694 elementor-widget elementor-widget-text-editor\" data-id=\"844e694\" data-element_type=\"widget\" data-widget_type=\"text-editor.default\">\n\t\t\t\t<div class=\"elementor-widget-container\">\n\t\t\t\t\t\t\t\t<div class=\"elementor-text-editor elementor-clearfix\">\n\t\t\t\tNous sommes heureux de voir que notre formation en communication publique est 6\u00e8me au niveau r\u00e9gional et 21\u00e8me au niveau national ! Nous progressons car nous \u00e9tions 25\u00e8me l\u2019ann\u00e9e derni\u00e8re.\n\nUne belle r\u00e9compense et un r\u00e9sultat qui nous rend fiers de faire partie de ce Master et qui confirme la qualit\u00e9 de nos enseignements et de l&rsquo;\u00e9quipe p\u00e9dagogique.\n\t\t\t\t\t<\/div>\n\t\t\t\t\t\t<\/div>\n\t\t\t\t<\/div>\n\t\t\t\t\t\t<\/div>\n\t\t\t\t\t<\/div>\n\t\t<\/div>\n\t\t\t\t\t\t\t\t<\/div>\n\t\t\t\t\t<\/div>\n\t\t<\/section>\n\t\t\t\t\t\t<\/div>\n\t\t\t\t\t\t<\/div>\n\t\t\t\t\t<\/div>\n\t\t","protected":false},"excerpt":{"rendered":"<p>Le Master 2 Communication et Territoires progresse dans le classement national des Masters en Communication ! Pr\u00e9c\u00e9dent Suivant Nous sommes heureux de voir&#8230;<\/p>\n","protected":false},"author":1,"featured_media":1305,"comment_status":"open","ping_status":"open","sticky":false,"template":"","format":"standard","meta":[],"categories":[5],"tags":[],"yoast_head":"<!-- This site is optimized with the Yoast SEO plugin v18.0 - https:\/\/yoast.com\/wordpress\/plugins\/seo\/ -->\n<title>Le Master dans le Top 30 des Masters en Com - Master 2 Communication et Territoires<\/title>\n<meta name=\"robots\" content=\"index, follow, max-snippet:-1, max-image-preview:large, max-video-preview:-1\" \/>\n<link rel=\"canonical\" href=\"http:\/\/www.m2-infocom.iut-tlse3.fr\/?p=1302\" \/>\n<meta property=\"og:locale\" content=\"fr_FR\" \/>\n<meta property=\"og:type\" content=\"article\" \/>\n<meta property=\"og:title\" content=\"Le Master dans le Top 30 des Masters en Com - Master 2 Communication et Territoires\" \/>\n<meta property=\"og:description\" content=\"Le Master 2 Communication et Territoires progresse dans le classement national des Masters en Communication ! Pr\u00e9c\u00e9dent Suivant Nous sommes heureux de voir...\" \/>\n<meta property=\"og:url\" content=\"http:\/\/www.m2-infocom.iut-tlse3.fr\/?p=1302\" \/>\n<meta property=\"og:site_name\" content=\"Master 2 Communication et Territoires\" \/>\n<meta property=\"article:published_time\" content=\"2023-03-08T15:32:40+00:00\" \/>\n<meta property=\"article:modified_time\" content=\"2023-03-08T15:38:27+00:00\" \/>\n<meta property=\"og:image\" content=\"http:\/\/www.m2-infocom.iut-tlse3.fr\/wp-content\/uploads\/2023\/03\/Capture-de\u0301cran-2023-03-08-a\u0300-16.33.26.png\" \/>\n\t<meta property=\"og:image:width\" content=\"1306\" \/>\n\t<meta property=\"og:image:height\" content=\"962\" \/>\n\t<meta property=\"og:image:type\" content=\"image\/png\" \/>\n<meta name=\"twitter:card\" content=\"summary_large_image\" \/>\n<meta name=\"twitter:label1\" content=\"\u00c9crit par\" \/>\n\t<meta name=\"twitter:data1\" content=\"admin\" \/>\n\t<meta name=\"twitter:label2\" content=\"Dur\u00e9e de lecture estim\u00e9e\" \/>\n\t<meta name=\"twitter:data2\" content=\"2 minutes\" \/>\n<script type=\"application\/ld+json\" class=\"yoast-schema-graph\">{\"@context\":\"https:\/\/schema.org\",\"@graph\":[{\"@type\":\"WebSite\",\"@id\":\"http:\/\/www.m2-infocom.iut-tlse3.fr\/#website\",\"url\":\"http:\/\/www.m2-infocom.iut-tlse3.fr\/\",\"name\":\"Master 2 Communication et Territoires\",\"description\":\"\",\"potentialAction\":[{\"@type\":\"SearchAction\",\"target\":{\"@type\":\"EntryPoint\",\"urlTemplate\":\"http:\/\/www.m2-infocom.iut-tlse3.fr\/?s={search_term_string}\"},\"query-input\":\"required name=search_term_string\"}],\"inLanguage\":\"fr-FR\"},{\"@type\":\"ImageObject\",\"@id\":\"http:\/\/www.m2-infocom.iut-tlse3.fr\/?p=1302#primaryimage\",\"inLanguage\":\"fr-FR\",\"url\":\"http:\/\/www.m2-infocom.iut-tlse3.fr\/wp-content\/uploads\/2023\/03\/Capture-de\u0301cran-2023-03-08-a\u0300-16.33.26.png\",\"contentUrl\":\"http:\/\/www.m2-infocom.iut-tlse3.fr\/wp-content\/uploads\/2023\/03\/Capture-de\u0301cran-2023-03-08-a\u0300-16.33.26.png\",\"width\":1306,\"height\":962,\"caption\":\"21\u00e8me au niveau national\"},{\"@type\":\"WebPage\",\"@id\":\"http:\/\/www.m2-infocom.iut-tlse3.fr\/?p=1302#webpage\",\"url\":\"http:\/\/www.m2-infocom.iut-tlse3.fr\/?p=1302\",\"name\":\"Le Master dans le Top 30 des Masters en Com - Master 2 Communication et Territoires\",\"isPartOf\":{\"@id\":\"http:\/\/www.m2-infocom.iut-tlse3.fr\/#website\"},\"primaryImageOfPage\":{\"@id\":\"http:\/\/www.m2-infocom.iut-tlse3.fr\/?p=1302#primaryimage\"},\"datePublished\":\"2023-03-08T15:32:40+00:00\",\"dateModified\":\"2023-03-08T15:38:27+00:00\",\"author\":{\"@id\":\"http:\/\/www.m2-infocom.iut-tlse3.fr\/#\/schema\/person\/ed5483edcb0a61a13654ee2a48778f52\"},\"breadcrumb\":{\"@id\":\"http:\/\/www.m2-infocom.iut-tlse3.fr\/?p=1302#breadcrumb\"},\"inLanguage\":\"fr-FR\",\"potentialAction\":[{\"@type\":\"ReadAction\",\"target\":[\"http:\/\/www.m2-infocom.iut-tlse3.fr\/?p=1302\"]}]},{\"@type\":\"BreadcrumbList\",\"@id\":\"http:\/\/www.m2-infocom.iut-tlse3.fr\/?p=1302#breadcrumb\",\"itemListElement\":[{\"@type\":\"ListItem\",\"position\":1,\"name\":\"Le Master dans le Top 30 des Masters en Com\"}]},{\"@type\":\"Person\",\"@id\":\"http:\/\/www.m2-infocom.iut-tlse3.fr\/#\/schema\/person\/ed5483edcb0a61a13654ee2a48778f52\",\"name\":\"admin\",\"image\":{\"@type\":\"ImageObject\",\"@id\":\"http:\/\/www.m2-infocom.iut-tlse3.fr\/#personlogo\",\"inLanguage\":\"fr-FR\",\"url\":\"http:\/\/0.gravatar.com\/avatar\/f7af17dec9141a0e6d751a4e7212d0ca?s=96&d=mm&r=g\",\"contentUrl\":\"http:\/\/0.gravatar.com\/avatar\/f7af17dec9141a0e6d751a4e7212d0ca?s=96&d=mm&r=g\",\"caption\":\"admin\"},\"url\":\"http:\/\/www.m2-infocom.iut-tlse3.fr\/?author=1\"}]}<\/script>\n<!-- \/ Yoast SEO plugin. -->","yoast_head_json":{"title":"Le Master dans le Top 30 des Masters en Com - Master 2 Communication et Territoires","robots":{"index":"index","follow":"follow","max-snippet":"max-snippet:-1","max-image-preview":"max-image-preview:large","max-video-preview":"max-video-preview:-1"},"canonical":"http:\/\/www.m2-infocom.iut-tlse3.fr\/?p=1302","og_locale":"fr_FR","og_type":"article","og_title":"Le Master dans le Top 30 des Masters en Com - Master 2 Communication et Territoires","og_description":"Le Master 2 Communication et Territoires progresse dans le classement national des Masters en Communication ! Pr\u00e9c\u00e9dent Suivant Nous sommes heureux de voir...","og_url":"http:\/\/www.m2-infocom.iut-tlse3.fr\/?p=1302","og_site_name":"Master 2 Communication et Territoires","article_published_time":"2023-03-08T15:32:40+00:00","article_modified_time":"2023-03-08T15:38:27+00:00","og_image":[{"width":1306,"height":962,"url":"http:\/\/www.m2-infocom.iut-tlse3.fr\/wp-content\/uploads\/2023\/03\/Capture-de\u0301cran-2023-03-08-a\u0300-16.33.26.png","type":"image\/png"}],"twitter_card":"summary_large_image","twitter_misc":{"\u00c9crit par":"admin","Dur\u00e9e de lecture estim\u00e9e":"2 minutes"},"schema":{"@context":"https:\/\/schema.org","@graph":[{"@type":"WebSite","@id":"http:\/\/www.m2-infocom.iut-tlse3.fr\/#website","url":"http:\/\/www.m2-infocom.iut-tlse3.fr\/","name":"Master 2 Communication et Territoires","description":"","potentialAction":[{"@type":"SearchAction","target":{"@type":"EntryPoint","urlTemplate":"http:\/\/www.m2-infocom.iut-tlse3.fr\/?s={search_term_string}"},"query-input":"required name=search_term_string"}],"inLanguage":"fr-FR"},{"@type":"ImageObject","@id":"http:\/\/www.m2-infocom.iut-tlse3.fr\/?p=1302#primaryimage","inLanguage":"fr-FR","url":"http:\/\/www.m2-infocom.iut-tlse3.fr\/wp-content\/uploads\/2023\/03\/Capture-de\u0301cran-2023-03-08-a\u0300-16.33.26.png","contentUrl":"http:\/\/www.m2-infocom.iut-tlse3.fr\/wp-content\/uploads\/2023\/03\/Capture-de\u0301cran-2023-03-08-a\u0300-16.33.26.png","width":1306,"height":962,"caption":"21\u00e8me au niveau national"},{"@type":"WebPage","@id":"http:\/\/www.m2-infocom.iut-tlse3.fr\/?p=1302#webpage","url":"http:\/\/www.m2-infocom.iut-tlse3.fr\/?p=1302","name":"Le Master dans le Top 30 des Masters en Com - Master 2 Communication et Territoires","isPartOf":{"@id":"http:\/\/www.m2-infocom.iut-tlse3.fr\/#website"},"primaryImageOfPage":{"@id":"http:\/\/www.m2-infocom.iut-tlse3.fr\/?p=1302#primaryimage"},"datePublished":"2023-03-08T15:32:40+00:00","dateModified":"2023-03-08T15:38:27+00:00","author":{"@id":"http:\/\/www.m2-infocom.iut-tlse3.fr\/#\/schema\/person\/ed5483edcb0a61a13654ee2a48778f52"},"breadcrumb":{"@id":"http:\/\/www.m2-infocom.iut-tlse3.fr\/?p=1302#breadcrumb"},"inLanguage":"fr-FR","potentialAction":[{"@type":"ReadAction","target":["http:\/\/www.m2-infocom.iut-tlse3.fr\/?p=1302"]}]},{"@type":"BreadcrumbList","@id":"http:\/\/www.m2-infocom.iut-tlse3.fr\/?p=1302#breadcrumb","itemListElement":[{"@type":"ListItem","position":1,"name":"Le Master dans le Top 30 des Masters en Com"}]},{"@type":"Person","@id":"http:\/\/www.m2-infocom.iut-tlse3.fr\/#\/schema\/person\/ed5483edcb0a61a13654ee2a48778f52","name":"admin","image":{"@type":"ImageObject","@id":"http:\/\/www.m2-infocom.iut-tlse3.fr\/#personlogo","inLanguage":"fr-FR","url":"http:\/\/0.gravatar.com\/avatar\/f7af17dec9141a0e6d751a4e7212d0ca?s=96&d=mm&r=g","contentUrl":"http:\/\/0.gravatar.com\/avatar\/f7af17dec9141a0e6d751a4e7212d0ca?s=96&d=mm&r=g","caption":"admin"},"url":"http:\/\/www.m2-infocom.iut-tlse3.fr\/?author=1"}]}},"_links":{"self":[{"href":"http:\/\/www.m2-infocom.iut-tlse3.fr\/index.php?rest_route=\/wp\/v2\/posts\/1302"}],"collection":[{"href":"http:\/\/www.m2-infocom.iut-tlse3.fr\/index.php?rest_route=\/wp\/v2\/posts"}],"about":[{"href":"http:\/\/www.m2-infocom.iut-tlse3.fr\/index.php?rest_route=\/wp\/v2\/types\/post"}],"author":[{"embeddable":true,"href":"http:\/\/www.m2-infocom.iut-tlse3.fr\/index.php?rest_route=\/wp\/v2\/users\/1"}],"replies":[{"embeddable":true,"href":"http:\/\/www.m2-infocom.iut-tlse3.fr\/index.php?rest_route=%2Fwp%2Fv2%2Fcomments&post=1302"}],"version-history":[{"count":7,"href":"http:\/\/www.m2-infocom.iut-tlse3.fr\/index.php?rest_route=\/wp\/v2\/posts\/1302\/revisions"}],"predecessor-version":[{"id":1314,"href":"http:\/\/www.m2-infocom.iut-tlse3.fr\/index.php?rest_route=\/wp\/v2\/posts\/1302\/revisions\/1314"}],"wp:featuredmedia":[{"embeddable":true,"href":"http:\/\/www.m2-infocom.iut-tlse3.fr\/index.php?rest_route=\/wp\/v2\/media\/1305"}],"wp:attachment":[{"href":"http:\/\/www.m2-infocom.iut-tlse3.fr\/index.php?rest_route=%2Fwp%2Fv2%2Fmedia&parent=1302"}],"wp:term":[{"taxonomy":"category","embeddable":true,"href":"http:\/\/www.m2-infocom.iut-tlse3.fr\/index.php?rest_route=%2Fwp%2Fv2%2Fcategories&post=1302"},{"taxonomy":"post_tag","embeddable":true,"href":"http:\/\/www.m2-infocom.iut-tlse3.fr\/index.php?rest_route=%2Fwp%2Fv2%2Ftags&post=1302"}],"curies":[{"name":"wp","href":"https:\/\/api.w.org\/{rel}","templated":true}]}}