{"id":1315,"date":"2023-03-10T14:20:25","date_gmt":"2023-03-10T13:20:25","guid":{"rendered":"http:\/\/www.m2-infocom.iut-tlse3.fr\/?p=1315"},"modified":"2023-03-10T14:48:07","modified_gmt":"2023-03-10T13:48:07","slug":"la-promo-en-sejour-detudes-en-ariege","status":"publish","type":"post","link":"http:\/\/www.m2-infocom.iut-tlse3.fr\/?p=1315","title":{"rendered":"La promo en s\u00e9jour d&rsquo;\u00e9tudes en Ari\u00e8ge"},"content":{"rendered":"\t\t<div data-elementor-type=\"wp-post\" data-elementor-id=\"1315\" class=\"elementor elementor-1315\" data-elementor-settings=\"[]\">\n\t\t\t\t\t\t<div class=\"elementor-inner\">\n\t\t\t\t\t\t\t<div class=\"elementor-section-wrap\">\n\t\t\t\t\t\t\t<section class=\"elementor-section elementor-top-section elementor-element elementor-element-990c8ab elementor-section-boxed elementor-section-height-default elementor-section-height-default\" data-id=\"990c8ab\" data-element_type=\"section\">\n\t\t\t\t\t\t<div class=\"elementor-container elementor-column-gap-default\">\n\t\t\t\t\t\t\t<div class=\"elementor-row\">\n\t\t\t\t\t<div class=\"elementor-column elementor-col-100 elementor-top-column elementor-element elementor-element-d2ca990\" data-id=\"d2ca990\" data-element_type=\"column\">\n\t\t\t<div class=\"elementor-column-wrap elementor-element-populated\">\n\t\t\t\t\t\t\t<div class=\"elementor-widget-wrap\">\n\t\t\t\t\t\t<div class=\"elementor-element elementor-element-b7d0fff elementor-widget elementor-widget-heading\" data-id=\"b7d0fff\" data-element_type=\"widget\" data-widget_type=\"heading.default\">\n\t\t\t\t<div class=\"elementor-widget-container\">\n\t\t\t<h2 class=\"elementor-heading-title elementor-size-default\">Les 6 et 7 mars, la promo s'est rendue en Ari\u00e8ge dans le cadre du cours de Strat\u00e9gie de communication. Retour sur ce s\u00e9jour !<\/h2>\t\t<\/div>\n\t\t\t\t<\/div>\n\t\t\t\t<div class=\"elementor-element elementor-element-9456f13 elementor-widget elementor-widget-text-editor\" data-id=\"9456f13\" data-element_type=\"widget\" data-widget_type=\"text-editor.default\">\n\t\t\t\t<div class=\"elementor-widget-container\">\n\t\t\t\t\t\t\t\t<div class=\"elementor-text-editor elementor-clearfix\">\n\t\t\t\t<p><span style=\"color: #000000;\">Ce s\u00e9jour d\u2019\u00e9tudes s&rsquo;est tenu au c\u0153ur du PNR des Pyr\u00e9n\u00e9es Ari\u00e9geoises.<\/span><\/p>\n<p><span style=\"color: #000000;\">Aussit\u00f4t arriv\u00e9 pour le&nbsp;<strong>premier jour<\/strong>, nous sommes all\u00e9s \u00e0 <strong>Sainte-Croix-Volvestre<\/strong> au sein de la For\u00eat Royal pour une randonn\u00e9e avec deux guides, dont <strong>Rapha\u00eble Hemeryck<\/strong> en charge du projet d&rsquo;adaptation des for\u00eats ari\u00e9geoises au changement climatique.<\/span><\/p>\n<p><span style=\"color: #000000;\">La visite nous a permis de d\u00e9couvrir de nombreuses esp\u00e8ces d\u2019arbres et d\u2019animaux au c\u0153ur de cette sapini\u00e8re de l&rsquo;Ari\u00e8ge.<\/span><\/p>\n<p><span style=\"color: #000000;\">Apr\u00e8s un d\u00e9jeuner au pied du <strong>Palais des \u00c9v\u00eaques de Saint-Lizier<\/strong>, nous sommes partis vers <strong>Saint-Girons<\/strong> pour parler l&rsquo;action <strong><a style=\"color: #000000;\" href=\"https:\/\/www.ladepeche.fr\/2022\/12\/29\/travaux-et-amenagements-la-ville-de-demain-se-dessine-10894167.php\"><u><i>\u00ab Am\u00e9nagements adapt\u00e9s au climat de demain \u00bb<\/i><\/u><\/a><\/strong> avec Lucile Chamayou, Charg\u00e9e de projet R\u00e9serve de Biosph\u00e8re transfrontali\u00e8re au sein du <strong><a style=\"color: #000000;\" href=\"https:\/\/www.parc-pyrenees-ariegeoises.fr\/\"><u>PNR Pyr\u00e9n\u00e9es Ari\u00e9geoises<\/u><\/a><\/strong>.<\/span><\/p>\n<p><span style=\"color: #000000;\">Apr\u00e8s ces \u00e9changes, direction <strong>Moulis<\/strong> pour grimper en haut du Char de Moulis \u00e0 plus de 750m d&rsquo;altitude (300m de d\u00e9nivel\u00e9 depuis la vall\u00e9e). Une fois en haut, les plus courageux ont pu d\u00e9couvrir <b>un magnifique panorama<\/b> sur la cha\u00eene des Pyr\u00e9n\u00e9es Ari\u00e9geoises.<\/span><\/p>\n<p><span style=\"color: #000000;\">Enfin, au bout de cette premi\u00e8re journ\u00e9e, nous avons pass\u00e9 la s<span class=\"css-901oao css-16my406 r-poiln3 r-bcqeeo r-qvutc0\">oir\u00e9e et la nuit \u00e0 la <b><a href=\"https:\/\/www.paysdestraces.fr\/sejours-centres-de-loisirs.html\"><u>Tani\u00e8re des D\u00e9brouillards<\/u><\/a> \u00e0 <\/b><\/span><span class=\"r-18u37iz\"><b>Saint-Lizier<\/b><\/span><span class=\"css-901oao css-16my406 r-poiln3 r-bcqeeo r-qvutc0\"> qui nous a offert une magnifique vue<\/span><span class=\"css-901oao css-16my406 r-poiln3 r-bcqeeo r-qvutc0\"> sur les <\/span><span class=\"r-18u37iz\">Pyr\u00e9n\u00e9es. Repas de chef et <\/span><span class=\"css-901oao css-16my406 r-poiln3 r-bcqeeo r-qvutc0\">dortoir collectif <\/span><span class=\"css-901oao css-16my406 r-poiln3 r-bcqeeo r-qvutc0\">avec la promo et notre prof, Carine Coutard. Une belle soir\u00e9e de coh\u00e9sion entre nous tous !<\/span><\/span><\/p>\n<p><span style=\"color: #000000;\"><strong>Au deuxi\u00e8me jour<\/strong>, apr\u00e8s un petit-d\u00e9jeuner copieux, nous nous sommes rendus au si\u00e8ge du PNR des Pyr\u00e9n\u00e9es Ari\u00e9geoises avec <strong>Lucile Chamayou<\/strong> et <strong>C\u00e9line Arilla<\/strong> pour discuter de nos travaux en strat\u00e9gie de communication que nous menons depuis le d\u00e9but de l&rsquo;ann\u00e9e sur le PNR.<\/span><\/p>\n<p><span style=\"color: #000000;\">Ce s\u00e9jour d&rsquo;\u00e9tudes aurait pu durer encore quelques jours tant nous avons appr\u00e9ci\u00e9s ces moments pass\u00e9s ensemble ! Merci \u00e0 l&rsquo;\u00e9quipe p\u00e9dagogique pour l&rsquo;organisation de ce voyage qui fut court mais intense<\/span><\/p>\n<p><span style=\"color: #000000;\"><b>Retour en images sur ce s\u00e9jour !&nbsp;<\/b><\/span><span style=\"color: #000000;\"><b>\u2198<\/b><\/span><\/p>\t\t\t\t\t<\/div>\n\t\t\t\t\t\t<\/div>\n\t\t\t\t<\/div>\n\t\t\t\t<div class=\"elementor-element elementor-element-0969895 elementor-arrows-position-inside elementor-pagination-position-outside elementor-widget elementor-widget-image-carousel\" data-id=\"0969895\" data-element_type=\"widget\" data-settings=\"{&quot;slides_to_show&quot;:&quot;1&quot;,&quot;navigation&quot;:&quot;both&quot;,&quot;autoplay&quot;:&quot;yes&quot;,&quot;pause_on_hover&quot;:&quot;yes&quot;,&quot;pause_on_interaction&quot;:&quot;yes&quot;,&quot;autoplay_speed&quot;:5000,&quot;infinite&quot;:&quot;yes&quot;,&quot;effect&quot;:&quot;slide&quot;,&quot;speed&quot;:500}\" data-widget_type=\"image-carousel.default\">\n\t\t\t\t<div class=\"elementor-widget-container\">\n\t\t\t\t\t<div class=\"elementor-image-carousel-wrapper swiper-container\" dir=\"ltr\">\n\t\t\t<div class=\"elementor-image-carousel swiper-wrapper\">\n\t\t\t\t\t\t\t\t<div class=\"swiper-slide\"><figure class=\"swiper-slide-inner\"><img class=\"swiper-slide-image\" src=\"http:\/\/www.m2-infocom.iut-tlse3.fr\/wp-content\/uploads\/2023\/03\/A11-e1678454623802.jpeg\" alt=\"A11\" \/><\/figure><\/div><div class=\"swiper-slide\"><figure class=\"swiper-slide-inner\"><img class=\"swiper-slide-image\" src=\"http:\/\/www.m2-infocom.iut-tlse3.fr\/wp-content\/uploads\/2023\/03\/A1.jpeg\" alt=\"A1\" \/><\/figure><\/div><div class=\"swiper-slide\"><figure class=\"swiper-slide-inner\"><img class=\"swiper-slide-image\" src=\"http:\/\/www.m2-infocom.iut-tlse3.fr\/wp-content\/uploads\/2023\/03\/A2.jpeg\" alt=\"A2\" \/><\/figure><\/div><div class=\"swiper-slide\"><figure class=\"swiper-slide-inner\"><img class=\"swiper-slide-image\" src=\"http:\/\/www.m2-infocom.iut-tlse3.fr\/wp-content\/uploads\/2023\/03\/A3.jpeg\" alt=\"A3\" \/><\/figure><\/div><div class=\"swiper-slide\"><figure class=\"swiper-slide-inner\"><img class=\"swiper-slide-image\" src=\"http:\/\/www.m2-infocom.iut-tlse3.fr\/wp-content\/uploads\/2023\/03\/A4.jpeg\" alt=\"A4\" \/><\/figure><\/div><div class=\"swiper-slide\"><figure class=\"swiper-slide-inner\"><img class=\"swiper-slide-image\" src=\"http:\/\/www.m2-infocom.iut-tlse3.fr\/wp-content\/uploads\/2023\/03\/A5.jpeg\" alt=\"A5\" \/><\/figure><\/div><div class=\"swiper-slide\"><figure class=\"swiper-slide-inner\"><img class=\"swiper-slide-image\" src=\"http:\/\/www.m2-infocom.iut-tlse3.fr\/wp-content\/uploads\/2023\/03\/A6.jpeg\" alt=\"A6\" \/><\/figure><\/div><div class=\"swiper-slide\"><figure class=\"swiper-slide-inner\"><img class=\"swiper-slide-image\" src=\"http:\/\/www.m2-infocom.iut-tlse3.fr\/wp-content\/uploads\/2023\/03\/A7.jpeg\" alt=\"A7\" \/><\/figure><\/div><div class=\"swiper-slide\"><figure class=\"swiper-slide-inner\"><img class=\"swiper-slide-image\" src=\"http:\/\/www.m2-infocom.iut-tlse3.fr\/wp-content\/uploads\/2023\/03\/A8.jpeg\" alt=\"A8\" \/><\/figure><\/div><div class=\"swiper-slide\"><figure class=\"swiper-slide-inner\"><img class=\"swiper-slide-image\" src=\"http:\/\/www.m2-infocom.iut-tlse3.fr\/wp-content\/uploads\/2023\/03\/A9.jpeg\" alt=\"A9\" \/><\/figure><\/div><div class=\"swiper-slide\"><figure class=\"swiper-slide-inner\"><img class=\"swiper-slide-image\" src=\"http:\/\/www.m2-infocom.iut-tlse3.fr\/wp-content\/uploads\/2023\/03\/A10.jpeg\" alt=\"A10\" \/><\/figure><\/div><div class=\"swiper-slide\"><figure class=\"swiper-slide-inner\"><img class=\"swiper-slide-image\" src=\"http:\/\/www.m2-infocom.iut-tlse3.fr\/wp-content\/uploads\/2023\/03\/A12.jpeg\" alt=\"A12\" \/><\/figure><\/div><div class=\"swiper-slide\"><figure class=\"swiper-slide-inner\"><img class=\"swiper-slide-image\" src=\"http:\/\/www.m2-infocom.iut-tlse3.fr\/wp-content\/uploads\/2023\/03\/A13.jpeg\" alt=\"A13\" \/><\/figure><\/div><div class=\"swiper-slide\"><figure class=\"swiper-slide-inner\"><img class=\"swiper-slide-image\" src=\"http:\/\/www.m2-infocom.iut-tlse3.fr\/wp-content\/uploads\/2023\/03\/A14.jpeg\" alt=\"A14\" \/><\/figure><\/div><div class=\"swiper-slide\"><figure class=\"swiper-slide-inner\"><img class=\"swiper-slide-image\" src=\"http:\/\/www.m2-infocom.iut-tlse3.fr\/wp-content\/uploads\/2023\/03\/A15.jpeg\" alt=\"A15\" \/><\/figure><\/div><div class=\"swiper-slide\"><figure class=\"swiper-slide-inner\"><img class=\"swiper-slide-image\" src=\"http:\/\/www.m2-infocom.iut-tlse3.fr\/wp-content\/uploads\/2023\/03\/A16.jpeg\" alt=\"A16\" \/><\/figure><\/div><div class=\"swiper-slide\"><figure class=\"swiper-slide-inner\"><img class=\"swiper-slide-image\" src=\"http:\/\/www.m2-infocom.iut-tlse3.fr\/wp-content\/uploads\/2023\/03\/A17.jpeg\" alt=\"A17\" \/><\/figure><\/div><div class=\"swiper-slide\"><figure class=\"swiper-slide-inner\"><img class=\"swiper-slide-image\" src=\"http:\/\/www.m2-infocom.iut-tlse3.fr\/wp-content\/uploads\/2023\/03\/A18.jpeg\" alt=\"A18\" \/><\/figure><\/div><div class=\"swiper-slide\"><figure class=\"swiper-slide-inner\"><img class=\"swiper-slide-image\" src=\"http:\/\/www.m2-infocom.iut-tlse3.fr\/wp-content\/uploads\/2023\/03\/A19.jpeg\" alt=\"A19\" \/><\/figure><\/div><div class=\"swiper-slide\"><figure class=\"swiper-slide-inner\"><img class=\"swiper-slide-image\" src=\"http:\/\/www.m2-infocom.iut-tlse3.fr\/wp-content\/uploads\/2023\/03\/A20.jpeg\" alt=\"A20\" \/><\/figure><\/div><div class=\"swiper-slide\"><figure class=\"swiper-slide-inner\"><img class=\"swiper-slide-image\" src=\"http:\/\/www.m2-infocom.iut-tlse3.fr\/wp-content\/uploads\/2023\/03\/A21.jpeg\" alt=\"A21\" \/><\/figure><\/div><div class=\"swiper-slide\"><figure class=\"swiper-slide-inner\"><img class=\"swiper-slide-image\" src=\"http:\/\/www.m2-infocom.iut-tlse3.fr\/wp-content\/uploads\/2023\/03\/A22.jpeg\" alt=\"A22\" \/><\/figure><\/div><div class=\"swiper-slide\"><figure class=\"swiper-slide-inner\"><img class=\"swiper-slide-image\" src=\"http:\/\/www.m2-infocom.iut-tlse3.fr\/wp-content\/uploads\/2023\/03\/A23.jpeg\" alt=\"A23\" \/><\/figure><\/div><div class=\"swiper-slide\"><figure class=\"swiper-slide-inner\"><img class=\"swiper-slide-image\" src=\"http:\/\/www.m2-infocom.iut-tlse3.fr\/wp-content\/uploads\/2023\/03\/A24.jpeg\" alt=\"A24\" \/><\/figure><\/div><div class=\"swiper-slide\"><figure class=\"swiper-slide-inner\"><img class=\"swiper-slide-image\" src=\"http:\/\/www.m2-infocom.iut-tlse3.fr\/wp-content\/uploads\/2023\/03\/A25.jpeg\" alt=\"A25\" \/><\/figure><\/div><div class=\"swiper-slide\"><figure class=\"swiper-slide-inner\"><img class=\"swiper-slide-image\" src=\"http:\/\/www.m2-infocom.iut-tlse3.fr\/wp-content\/uploads\/2023\/03\/A26.jpeg\" alt=\"A26\" \/><\/figure><\/div><div class=\"swiper-slide\"><figure class=\"swiper-slide-inner\"><img class=\"swiper-slide-image\" src=\"http:\/\/www.m2-infocom.iut-tlse3.fr\/wp-content\/uploads\/2023\/03\/A27.jpeg\" alt=\"A27\" \/><\/figure><\/div><div class=\"swiper-slide\"><figure class=\"swiper-slide-inner\"><img class=\"swiper-slide-image\" src=\"http:\/\/www.m2-infocom.iut-tlse3.fr\/wp-content\/uploads\/2023\/03\/A28.jpeg\" alt=\"A28\" \/><\/figure><\/div><div class=\"swiper-slide\"><figure class=\"swiper-slide-inner\"><img class=\"swiper-slide-image\" src=\"http:\/\/www.m2-infocom.iut-tlse3.fr\/wp-content\/uploads\/2023\/03\/A29.jpeg\" alt=\"A29\" \/><\/figure><\/div><div class=\"swiper-slide\"><figure class=\"swiper-slide-inner\"><img class=\"swiper-slide-image\" src=\"http:\/\/www.m2-infocom.iut-tlse3.fr\/wp-content\/uploads\/2023\/03\/A30.jpeg\" alt=\"A30\" \/><\/figure><\/div><div class=\"swiper-slide\"><figure class=\"swiper-slide-inner\"><img class=\"swiper-slide-image\" src=\"http:\/\/www.m2-infocom.iut-tlse3.fr\/wp-content\/uploads\/2023\/03\/A31.jpeg\" alt=\"A31\" \/><\/figure><\/div><div class=\"swiper-slide\"><figure class=\"swiper-slide-inner\"><img class=\"swiper-slide-image\" src=\"http:\/\/www.m2-infocom.iut-tlse3.fr\/wp-content\/uploads\/2023\/03\/A32.jpeg\" alt=\"A32\" \/><\/figure><\/div><div class=\"swiper-slide\"><figure class=\"swiper-slide-inner\"><img class=\"swiper-slide-image\" src=\"http:\/\/www.m2-infocom.iut-tlse3.fr\/wp-content\/uploads\/2023\/03\/A33.jpeg\" alt=\"A33\" \/><\/figure><\/div>\t\t\t<\/div>\n\t\t\t\t\t\t\t\t\t\t\t\t<div class=\"swiper-pagination\"><\/div>\n\t\t\t\t\t\t\t\t\t\t\t\t\t<div class=\"elementor-swiper-button elementor-swiper-button-prev\">\n\t\t\t\t\t\t<i aria-hidden=\"true\" class=\"eicon-chevron-left\"><\/i>\t\t\t\t\t\t<span class=\"elementor-screen-only\">Pr\u00e9c\u00e9dent<\/span>\n\t\t\t\t\t<\/div>\n\t\t\t\t\t<div class=\"elementor-swiper-button elementor-swiper-button-next\">\n\t\t\t\t\t\t<i aria-hidden=\"true\" class=\"eicon-chevron-right\"><\/i>\t\t\t\t\t\t<span class=\"elementor-screen-only\">Suivant<\/span>\n\t\t\t\t\t<\/div>\n\t\t\t\t\t\t\t\t\t<\/div>\n\t\t\t\t<\/div>\n\t\t\t\t<\/div>\n\t\t\t\t<div class=\"elementor-element elementor-element-95f33dc elementor-widget elementor-widget-image\" data-id=\"95f33dc\" data-element_type=\"widget\" data-widget_type=\"image.default\">\n\t\t\t\t<div class=\"elementor-widget-container\">\n\t\t\t\t\t\t\t\t<div class=\"elementor-image\">\n\t\t\t\t\t\t\t\t\t<figure class=\"wp-caption\">\n\t\t\t\t\t\t\t\t\t\t<img width=\"640\" height=\"453\" src=\"http:\/\/www.m2-infocom.iut-tlse3.fr\/wp-content\/uploads\/2023\/03\/PNR-PA-1024x724.jpeg\" class=\"attachment-large size-large\" alt=\"\" loading=\"lazy\" srcset=\"http:\/\/www.m2-infocom.iut-tlse3.fr\/wp-content\/uploads\/2023\/03\/PNR-PA-1024x724.jpeg 1024w, http:\/\/www.m2-infocom.iut-tlse3.fr\/wp-content\/uploads\/2023\/03\/PNR-PA-300x212.jpeg 300w, http:\/\/www.m2-infocom.iut-tlse3.fr\/wp-content\/uploads\/2023\/03\/PNR-PA-768x543.jpeg 768w, http:\/\/www.m2-infocom.iut-tlse3.fr\/wp-content\/uploads\/2023\/03\/PNR-PA-1536x1086.jpeg 1536w, http:\/\/www.m2-infocom.iut-tlse3.fr\/wp-content\/uploads\/2023\/03\/PNR-PA-2048x1448.jpeg 2048w\" sizes=\"(max-width: 640px) 100vw, 640px\" \/>\t\t\t\t\t\t\t\t\t\t\t<figcaption class=\"widget-image-caption wp-caption-text\">Source : PNR Pyr\u00e9n\u00e9es Ari\u00e9geoises<\/figcaption>\n\t\t\t\t\t\t\t\t\t\t<\/figure>\n\t\t\t\t\t\t\t\t<\/div>\n\t\t\t\t\t\t<\/div>\n\t\t\t\t<\/div>\n\t\t\t\t\t\t<\/div>\n\t\t\t\t\t<\/div>\n\t\t<\/div>\n\t\t\t\t\t\t\t\t<\/div>\n\t\t\t\t\t<\/div>\n\t\t<\/section>\n\t\t\t\t\t\t<\/div>\n\t\t\t\t\t\t<\/div>\n\t\t\t\t\t<\/div>\n\t\t","protected":false},"excerpt":{"rendered":"<p>Les 6 et 7 mars, la promo s&rsquo;est rendue en Ari\u00e8ge dans le cadre du cours de Strat\u00e9gie de communication. Retour sur ce&#8230;<\/p>\n","protected":false},"author":1,"featured_media":1342,"comment_status":"open","ping_status":"open","sticky":false,"template":"","format":"standard","meta":[],"categories":[5],"tags":[],"yoast_head":"<!-- This site is optimized with the Yoast SEO plugin v18.0 - https:\/\/yoast.com\/wordpress\/plugins\/seo\/ -->\n<title>La promo en s\u00e9jour d&#039;\u00e9tudes en Ari\u00e8ge - Master 2 Communication et Territoires<\/title>\n<meta name=\"robots\" content=\"index, follow, max-snippet:-1, max-image-preview:large, max-video-preview:-1\" \/>\n<link rel=\"canonical\" href=\"http:\/\/www.m2-infocom.iut-tlse3.fr\/?p=1315\" \/>\n<meta property=\"og:locale\" content=\"fr_FR\" \/>\n<meta property=\"og:type\" content=\"article\" \/>\n<meta property=\"og:title\" content=\"La promo en s\u00e9jour d&#039;\u00e9tudes en Ari\u00e8ge - Master 2 Communication et Territoires\" \/>\n<meta property=\"og:description\" content=\"Les 6 et 7 mars, la promo s&rsquo;est rendue en Ari\u00e8ge dans le cadre du cours de Strat\u00e9gie de communication. Retour sur ce...\" \/>\n<meta property=\"og:url\" content=\"http:\/\/www.m2-infocom.iut-tlse3.fr\/?p=1315\" \/>\n<meta property=\"og:site_name\" content=\"Master 2 Communication et Territoires\" \/>\n<meta property=\"article:published_time\" content=\"2023-03-10T13:20:25+00:00\" \/>\n<meta property=\"article:modified_time\" content=\"2023-03-10T13:48:07+00:00\" \/>\n<meta property=\"og:image\" content=\"http:\/\/www.m2-infocom.iut-tlse3.fr\/wp-content\/uploads\/2023\/03\/A11-e1678454623802.jpeg\" \/>\n\t<meta property=\"og:image:width\" content=\"1520\" \/>\n\t<meta property=\"og:image:height\" content=\"1167\" \/>\n\t<meta property=\"og:image:type\" content=\"image\/jpeg\" \/>\n<meta name=\"twitter:card\" content=\"summary_large_image\" \/>\n<meta name=\"twitter:label1\" content=\"\u00c9crit par\" \/>\n\t<meta name=\"twitter:data1\" content=\"admin\" \/>\n\t<meta name=\"twitter:label2\" content=\"Dur\u00e9e de lecture estim\u00e9e\" \/>\n\t<meta name=\"twitter:data2\" content=\"9 minutes\" \/>\n<script type=\"application\/ld+json\" class=\"yoast-schema-graph\">{\"@context\":\"https:\/\/schema.org\",\"@graph\":[{\"@type\":\"WebSite\",\"@id\":\"http:\/\/www.m2-infocom.iut-tlse3.fr\/#website\",\"url\":\"http:\/\/www.m2-infocom.iut-tlse3.fr\/\",\"name\":\"Master 2 Communication et Territoires\",\"description\":\"\",\"potentialAction\":[{\"@type\":\"SearchAction\",\"target\":{\"@type\":\"EntryPoint\",\"urlTemplate\":\"http:\/\/www.m2-infocom.iut-tlse3.fr\/?s={search_term_string}\"},\"query-input\":\"required name=search_term_string\"}],\"inLanguage\":\"fr-FR\"},{\"@type\":\"ImageObject\",\"@id\":\"http:\/\/www.m2-infocom.iut-tlse3.fr\/?p=1315#primaryimage\",\"inLanguage\":\"fr-FR\",\"url\":\"http:\/\/www.m2-infocom.iut-tlse3.fr\/wp-content\/uploads\/2023\/03\/A11-e1678454623802.jpeg\",\"contentUrl\":\"http:\/\/www.m2-infocom.iut-tlse3.fr\/wp-content\/uploads\/2023\/03\/A11-e1678454623802.jpeg\",\"width\":1520,\"height\":1167},{\"@type\":\"WebPage\",\"@id\":\"http:\/\/www.m2-infocom.iut-tlse3.fr\/?p=1315#webpage\",\"url\":\"http:\/\/www.m2-infocom.iut-tlse3.fr\/?p=1315\",\"name\":\"La promo en s\u00e9jour d'\u00e9tudes en Ari\u00e8ge - Master 2 Communication et Territoires\",\"isPartOf\":{\"@id\":\"http:\/\/www.m2-infocom.iut-tlse3.fr\/#website\"},\"primaryImageOfPage\":{\"@id\":\"http:\/\/www.m2-infocom.iut-tlse3.fr\/?p=1315#primaryimage\"},\"datePublished\":\"2023-03-10T13:20:25+00:00\",\"dateModified\":\"2023-03-10T13:48:07+00:00\",\"author\":{\"@id\":\"http:\/\/www.m2-infocom.iut-tlse3.fr\/#\/schema\/person\/ed5483edcb0a61a13654ee2a48778f52\"},\"breadcrumb\":{\"@id\":\"http:\/\/www.m2-infocom.iut-tlse3.fr\/?p=1315#breadcrumb\"},\"inLanguage\":\"fr-FR\",\"potentialAction\":[{\"@type\":\"ReadAction\",\"target\":[\"http:\/\/www.m2-infocom.iut-tlse3.fr\/?p=1315\"]}]},{\"@type\":\"BreadcrumbList\",\"@id\":\"http:\/\/www.m2-infocom.iut-tlse3.fr\/?p=1315#breadcrumb\",\"itemListElement\":[{\"@type\":\"ListItem\",\"position\":1,\"name\":\"La promo en s\u00e9jour d&rsquo;\u00e9tudes en Ari\u00e8ge\"}]},{\"@type\":\"Person\",\"@id\":\"http:\/\/www.m2-infocom.iut-tlse3.fr\/#\/schema\/person\/ed5483edcb0a61a13654ee2a48778f52\",\"name\":\"admin\",\"image\":{\"@type\":\"ImageObject\",\"@id\":\"http:\/\/www.m2-infocom.iut-tlse3.fr\/#personlogo\",\"inLanguage\":\"fr-FR\",\"url\":\"http:\/\/0.gravatar.com\/avatar\/f7af17dec9141a0e6d751a4e7212d0ca?s=96&d=mm&r=g\",\"contentUrl\":\"http:\/\/0.gravatar.com\/avatar\/f7af17dec9141a0e6d751a4e7212d0ca?s=96&d=mm&r=g\",\"caption\":\"admin\"},\"url\":\"http:\/\/www.m2-infocom.iut-tlse3.fr\/?author=1\"}]}<\/script>\n<!-- \/ Yoast SEO plugin. -->","yoast_head_json":{"title":"La promo en s\u00e9jour d'\u00e9tudes en Ari\u00e8ge - Master 2 Communication et Territoires","robots":{"index":"index","follow":"follow","max-snippet":"max-snippet:-1","max-image-preview":"max-image-preview:large","max-video-preview":"max-video-preview:-1"},"canonical":"http:\/\/www.m2-infocom.iut-tlse3.fr\/?p=1315","og_locale":"fr_FR","og_type":"article","og_title":"La promo en s\u00e9jour d'\u00e9tudes en Ari\u00e8ge - Master 2 Communication et Territoires","og_description":"Les 6 et 7 mars, la promo s&rsquo;est rendue en Ari\u00e8ge dans le cadre du cours de Strat\u00e9gie de communication. Retour sur ce...","og_url":"http:\/\/www.m2-infocom.iut-tlse3.fr\/?p=1315","og_site_name":"Master 2 Communication et Territoires","article_published_time":"2023-03-10T13:20:25+00:00","article_modified_time":"2023-03-10T13:48:07+00:00","og_image":[{"width":1520,"height":1167,"url":"http:\/\/www.m2-infocom.iut-tlse3.fr\/wp-content\/uploads\/2023\/03\/A11-e1678454623802.jpeg","type":"image\/jpeg"}],"twitter_card":"summary_large_image","twitter_misc":{"\u00c9crit par":"admin","Dur\u00e9e de lecture estim\u00e9e":"9 minutes"},"schema":{"@context":"https:\/\/schema.org","@graph":[{"@type":"WebSite","@id":"http:\/\/www.m2-infocom.iut-tlse3.fr\/#website","url":"http:\/\/www.m2-infocom.iut-tlse3.fr\/","name":"Master 2 Communication et Territoires","description":"","potentialAction":[{"@type":"SearchAction","target":{"@type":"EntryPoint","urlTemplate":"http:\/\/www.m2-infocom.iut-tlse3.fr\/?s={search_term_string}"},"query-input":"required name=search_term_string"}],"inLanguage":"fr-FR"},{"@type":"ImageObject","@id":"http:\/\/www.m2-infocom.iut-tlse3.fr\/?p=1315#primaryimage","inLanguage":"fr-FR","url":"http:\/\/www.m2-infocom.iut-tlse3.fr\/wp-content\/uploads\/2023\/03\/A11-e1678454623802.jpeg","contentUrl":"http:\/\/www.m2-infocom.iut-tlse3.fr\/wp-content\/uploads\/2023\/03\/A11-e1678454623802.jpeg","width":1520,"height":1167},{"@type":"WebPage","@id":"http:\/\/www.m2-infocom.iut-tlse3.fr\/?p=1315#webpage","url":"http:\/\/www.m2-infocom.iut-tlse3.fr\/?p=1315","name":"La promo en s\u00e9jour d'\u00e9tudes en Ari\u00e8ge - Master 2 Communication et Territoires","isPartOf":{"@id":"http:\/\/www.m2-infocom.iut-tlse3.fr\/#website"},"primaryImageOfPage":{"@id":"http:\/\/www.m2-infocom.iut-tlse3.fr\/?p=1315#primaryimage"},"datePublished":"2023-03-10T13:20:25+00:00","dateModified":"2023-03-10T13:48:07+00:00","author":{"@id":"http:\/\/www.m2-infocom.iut-tlse3.fr\/#\/schema\/person\/ed5483edcb0a61a13654ee2a48778f52"},"breadcrumb":{"@id":"http:\/\/www.m2-infocom.iut-tlse3.fr\/?p=1315#breadcrumb"},"inLanguage":"fr-FR","potentialAction":[{"@type":"ReadAction","target":["http:\/\/www.m2-infocom.iut-tlse3.fr\/?p=1315"]}]},{"@type":"BreadcrumbList","@id":"http:\/\/www.m2-infocom.iut-tlse3.fr\/?p=1315#breadcrumb","itemListElement":[{"@type":"ListItem","position":1,"name":"La promo en s\u00e9jour d&rsquo;\u00e9tudes en Ari\u00e8ge"}]},{"@type":"Person","@id":"http:\/\/www.m2-infocom.iut-tlse3.fr\/#\/schema\/person\/ed5483edcb0a61a13654ee2a48778f52","name":"admin","image":{"@type":"ImageObject","@id":"http:\/\/www.m2-infocom.iut-tlse3.fr\/#personlogo","inLanguage":"fr-FR","url":"http:\/\/0.gravatar.com\/avatar\/f7af17dec9141a0e6d751a4e7212d0ca?s=96&d=mm&r=g","contentUrl":"http:\/\/0.gravatar.com\/avatar\/f7af17dec9141a0e6d751a4e7212d0ca?s=96&d=mm&r=g","caption":"admin"},"url":"http:\/\/www.m2-infocom.iut-tlse3.fr\/?author=1"}]}},"_links":{"self":[{"href":"http:\/\/www.m2-infocom.iut-tlse3.fr\/index.php?rest_route=\/wp\/v2\/posts\/1315"}],"collection":[{"href":"http:\/\/www.m2-infocom.iut-tlse3.fr\/index.php?rest_route=\/wp\/v2\/posts"}],"about":[{"href":"http:\/\/www.m2-infocom.iut-tlse3.fr\/index.php?rest_route=\/wp\/v2\/types\/post"}],"author":[{"embeddable":true,"href":"http:\/\/www.m2-infocom.iut-tlse3.fr\/index.php?rest_route=\/wp\/v2\/users\/1"}],"replies":[{"embeddable":true,"href":"http:\/\/www.m2-infocom.iut-tlse3.fr\/index.php?rest_route=%2Fwp%2Fv2%2Fcomments&post=1315"}],"version-history":[{"count":32,"href":"http:\/\/www.m2-infocom.iut-tlse3.fr\/index.php?rest_route=\/wp\/v2\/posts\/1315\/revisions"}],"predecessor-version":[{"id":1382,"href":"http:\/\/www.m2-infocom.iut-tlse3.fr\/index.php?rest_route=\/wp\/v2\/posts\/1315\/revisions\/1382"}],"wp:featuredmedia":[{"embeddable":true,"href":"http:\/\/www.m2-infocom.iut-tlse3.fr\/index.php?rest_route=\/wp\/v2\/media\/1342"}],"wp:attachment":[{"href":"http:\/\/www.m2-infocom.iut-tlse3.fr\/index.php?rest_route=%2Fwp%2Fv2%2Fmedia&parent=1315"}],"wp:term":[{"taxonomy":"category","embeddable":true,"href":"http:\/\/www.m2-infocom.iut-tlse3.fr\/index.php?rest_route=%2Fwp%2Fv2%2Fcategories&post=1315"},{"taxonomy":"post_tag","embeddable":true,"href":"http:\/\/www.m2-infocom.iut-tlse3.fr\/index.php?rest_route=%2Fwp%2Fv2%2Ftags&post=1315"}],"curies":[{"name":"wp","href":"https:\/\/api.w.org\/{rel}","templated":true}]}}